{"id":488,"date":"2020-05-10T15:17:00","date_gmt":"2020-05-10T13:17:00","guid":{"rendered":"http:\/\/diwan-plougastell.bzh\/?p=488"},"modified":"2021-03-22T16:18:13","modified_gmt":"2021-03-22T15:18:13","slug":"er-ger-en-hor-skol-lecole-a-la-maison","status":"publish","type":"post","link":"https:\/\/diwan-plougastell.bzh\/index.php\/2020\/05\/10\/er-ger-en-hor-skol-lecole-a-la-maison\/","title":{"rendered":"Er g\u00ear en hor skol \/ L&rsquo;\u00e9cole \u00e0 la maison"},"content":{"rendered":"<p><a href=\"https:\/\/france3-regions.francetvinfo.fr\/bretagne\/finistere\/komz-brezhoneg-hep-gouzout-brezhoneg-1822116.html?fbclid=IwAR2iGX8KfPWGtGb9KthPTcpC1u5ZKZk8JJ87z_Orhw3sEQ0YhG5kLE0GQTA\"><img loading=\"lazy\" decoding=\"async\" class=\"alignleft wp-image-492\" src=\"http:\/\/diwan-plougastell.bzh\/wp-content\/uploads\/2020\/05\/diwan-a-la-maison.jpg\" alt=\"\" width=\"235\" height=\"235\" srcset=\"https:\/\/diwan-plougastell.bzh\/wp-content\/uploads\/2020\/05\/diwan-a-la-maison.jpg 517w, https:\/\/diwan-plougastell.bzh\/wp-content\/uploads\/2020\/05\/diwan-a-la-maison-150x150.jpg 150w, https:\/\/diwan-plougastell.bzh\/wp-content\/uploads\/2020\/05\/diwan-a-la-maison-300x300.jpg 300w, https:\/\/diwan-plougastell.bzh\/wp-content\/uploads\/2020\/05\/diwan-a-la-maison-250x250.jpg 250w, https:\/\/diwan-plougastell.bzh\/wp-content\/uploads\/2020\/05\/diwan-a-la-maison-174x174.jpg 174w\" sizes=\"(max-width: 235px) 100vw, 235px\" \/><\/a><a href=\"https:\/\/france3-regions.francetvinfo.fr\/bretagne\/finistere\/komz-brezhoneg-hep-gouzout-brezhoneg-1822116.html?fbclid=IwAR2iGX8KfPWGtGb9KthPTcpC1u5ZKZk8JJ87z_Orhw3sEQ0YhG5kLE0GQTA\">Reportage<\/a>&nbsp;France 3 Bretagne sur \u00ab\u00a0l&rsquo;\u00e9cole en breton&nbsp;\u00e0 la maison\u00a0\u00bb \u00e0 l&rsquo;\u00e9cole Diwan de Plougastell, pendant le confinement.<\/p>\n<p>Er g\u00ear en hor skol, fenoz war keleier Fra\u00f1s 3 Breizh.<\/p>\n","protected":false},"excerpt":{"rendered":"<p>Reportage&nbsp;France 3 Bretagne sur \u00ab\u00a0l&rsquo;\u00e9cole en breton&nbsp;\u00e0 la maison\u00a0\u00bb \u00e0 l&rsquo;\u00e9cole Diwan de Plougastell, pendant le confinement. Er g\u00ear en hor skol, fenoz war keleier Fra\u00f1s 3 Breizh.<\/p>\n","protected":false},"author":1,"featured_media":492,"comment_status":"closed","ping_status":"open","sticky":false,"template":"","format":"standard","meta":{"footnotes":""},"categories":[1,6],"tags":[],"_links":{"self":[{"href":"https:\/\/diwan-plougastell.bzh\/index.php\/wp-json\/wp\/v2\/posts\/488"}],"collection":[{"href":"https:\/\/diwan-plougastell.bzh\/index.php\/wp-json\/wp\/v2\/posts"}],"about":[{"href":"https:\/\/diwan-plougastell.bzh\/index.php\/wp-json\/wp\/v2\/types\/post"}],"author":[{"embeddable":true,"href":"https:\/\/diwan-plougastell.bzh\/index.php\/wp-json\/wp\/v2\/users\/1"}],"replies":[{"embeddable":true,"href":"https:\/\/diwan-plougastell.bzh\/index.php\/wp-json\/wp\/v2\/comments?post=488"}],"version-history":[{"count":3,"href":"https:\/\/diwan-plougastell.bzh\/index.php\/wp-json\/wp\/v2\/posts\/488\/revisions"}],"predecessor-version":[{"id":523,"href":"https:\/\/diwan-plougastell.bzh\/index.php\/wp-json\/wp\/v2\/posts\/488\/revisions\/523"}],"wp:featuredmedia":[{"embeddable":true,"href":"https:\/\/diwan-plougastell.bzh\/index.php\/wp-json\/wp\/v2\/media\/492"}],"wp:attachment":[{"href":"https:\/\/diwan-plougastell.bzh\/index.php\/wp-json\/wp\/v2\/media?parent=488"}],"wp:term":[{"taxonomy":"category","embeddable":true,"href":"https:\/\/diwan-plougastell.bzh\/index.php\/wp-json\/wp\/v2\/categories?post=488"},{"taxonomy":"post_tag","embeddable":true,"href":"https:\/\/diwan-plougastell.bzh\/index.php\/wp-json\/wp\/v2\/tags?post=488"}],"curies":[{"name":"wp","href":"https:\/\/api.w.org\/{rel}","templated":true}]}}