{"id":508,"date":"2021-03-22T15:40:51","date_gmt":"2021-03-22T14:40:51","guid":{"rendered":"http:\/\/diwan-plougastell.bzh\/?p=508"},"modified":"2021-03-22T15:42:12","modified_gmt":"2021-03-22T14:42:12","slug":"diwan-e-sant-drenan-graet-eo-demenagement-de-lecole-a-st-adrien-acte","status":"publish","type":"post","link":"https:\/\/diwan-plougastell.bzh\/index.php\/2021\/03\/22\/diwan-e-sant-drenan-graet-eo-demenagement-de-lecole-a-st-adrien-acte\/","title":{"rendered":"Diwan e Sant-Drenan: Graet eo ! D\u00e9m\u00e9nagement de l&rsquo;\u00e9cole \u00e0 St Adrien : act\u00e9"},"content":{"rendered":"\n<p>A partir de septembre 2021, l&rsquo;\u00e9cole DIWAN Plougastell s&rsquo;installe dans le village de Saint-Adrien (pointe de l&rsquo;Armorique)! Situ\u00e9s dans un cadre exceptionnel, venez d\u00e9couvrir les futurs locaux de notre \u00e9cole associative (sous contrat avec l&rsquo;\u00e9ducation nationale), la\u00efque et gratuite <a rel=\"noreferrer noopener\" href=\"http:\/\/diwan-plougastell.bzh\/index.php\/contact\/\" data-type=\"URL\" data-id=\"http:\/\/diwan-plougastell.bzh\/index.php\/contact\/\" target=\"_blank\">sur rendez-vous<\/a> <br>De la maternelle au CM2, <a href=\"https:\/\/www.facebook.com\/DiwanPlougastel\/?__cft__[0]=AZU6XmozapUEHTDNkVw04IjP6KkSy4VRdft4RyX2MMeesbseziEx0EqkWv1P71sLschDBsfWO7WvzmvBXDUK-eqgM2KwvLZHfg_cfLpSJYzYzE0R8g6ryZpp-8IT-qHHXp0_3KuKDfq_sohEWl7UHn2NvqbtBIoFG8e1urlbcVIlqIs1GJa2q3CK-QB8I6rRCJM&amp;__tn__=kK-R\">Skol Diwan Plougastell<\/a> propose une \u00e9cole immersive en langue bretonne, \u00e0 taille humaine et proche de la nature.Une ligne de transports scolaires sera mise en place pour les enfants venant du bourg. Les inscriptions sont ouvertes!!<\/p>\n\n\n\n<figure class=\"wp-block-image size-large\"><img loading=\"lazy\" decoding=\"async\" width=\"566\" height=\"569\" src=\"http:\/\/diwan-plougastell.bzh\/wp-content\/uploads\/2021\/03\/graet-1.jpg\" alt=\"\" class=\"wp-image-510\" srcset=\"https:\/\/diwan-plougastell.bzh\/wp-content\/uploads\/2021\/03\/graet-1.jpg 566w, https:\/\/diwan-plougastell.bzh\/wp-content\/uploads\/2021\/03\/graet-1-298x300.jpg 298w, https:\/\/diwan-plougastell.bzh\/wp-content\/uploads\/2021\/03\/graet-1-150x150.jpg 150w, https:\/\/diwan-plougastell.bzh\/wp-content\/uploads\/2021\/03\/graet-1-250x250.jpg 250w, https:\/\/diwan-plougastell.bzh\/wp-content\/uploads\/2021\/03\/graet-1-174x174.jpg 174w\" sizes=\"(max-width: 566px) 100vw, 566px\" \/><\/figure>\n","protected":false},"excerpt":{"rendered":"<p>A partir de septembre 2021, l&rsquo;\u00e9cole DIWAN Plougastell s&rsquo;installe dans le village de Saint-Adrien (pointe de l&rsquo;Armorique)! Situ\u00e9s dans un cadre exceptionnel, venez d\u00e9couvrir les futurs locaux de notre \u00e9cole associative (sous contrat avec l&rsquo;\u00e9ducation nationale), la\u00efque et gratuite sur rendez-vous De la maternelle au CM2, Skol Diwan Plougastell propose une \u00e9cole immersive en langue <a href=\"https:\/\/diwan-plougastell.bzh\/index.php\/2021\/03\/22\/diwan-e-sant-drenan-graet-eo-demenagement-de-lecole-a-st-adrien-acte\/\" rel=\"nofollow\"><span class=\"sr-only\">En savoir plus surDiwan e Sant-Drenan: Graet eo ! D\u00e9m\u00e9nagement de l&rsquo;\u00e9cole \u00e0 St Adrien : act\u00e9<\/span>[&hellip;]<\/a><\/p>\n","protected":false},"author":1,"featured_media":509,"comment_status":"closed","ping_status":"open","sticky":false,"template":"","format":"standard","meta":{"footnotes":""},"categories":[1],"tags":[],"_links":{"self":[{"href":"https:\/\/diwan-plougastell.bzh\/index.php\/wp-json\/wp\/v2\/posts\/508"}],"collection":[{"href":"https:\/\/diwan-plougastell.bzh\/index.php\/wp-json\/wp\/v2\/posts"}],"about":[{"href":"https:\/\/diwan-plougastell.bzh\/index.php\/wp-json\/wp\/v2\/types\/post"}],"author":[{"embeddable":true,"href":"https:\/\/diwan-plougastell.bzh\/index.php\/wp-json\/wp\/v2\/users\/1"}],"replies":[{"embeddable":true,"href":"https:\/\/diwan-plougastell.bzh\/index.php\/wp-json\/wp\/v2\/comments?post=508"}],"version-history":[{"count":2,"href":"https:\/\/diwan-plougastell.bzh\/index.php\/wp-json\/wp\/v2\/posts\/508\/revisions"}],"predecessor-version":[{"id":512,"href":"https:\/\/diwan-plougastell.bzh\/index.php\/wp-json\/wp\/v2\/posts\/508\/revisions\/512"}],"wp:featuredmedia":[{"embeddable":true,"href":"https:\/\/diwan-plougastell.bzh\/index.php\/wp-json\/wp\/v2\/media\/509"}],"wp:attachment":[{"href":"https:\/\/diwan-plougastell.bzh\/index.php\/wp-json\/wp\/v2\/media?parent=508"}],"wp:term":[{"taxonomy":"category","embeddable":true,"href":"https:\/\/diwan-plougastell.bzh\/index.php\/wp-json\/wp\/v2\/categories?post=508"},{"taxonomy":"post_tag","embeddable":true,"href":"https:\/\/diwan-plougastell.bzh\/index.php\/wp-json\/wp\/v2\/tags?post=508"}],"curies":[{"name":"wp","href":"https:\/\/api.w.org\/{rel}","templated":true}]}}