{"id":697,"date":"2024-04-01T15:28:29","date_gmt":"2024-04-01T13:28:29","guid":{"rendered":"https:\/\/diwan-plougastell.bzh\/?p=697"},"modified":"2024-10-20T14:59:01","modified_gmt":"2024-10-20T12:59:01","slug":"vide-grenier-festif-et-foire-aux-plantes-foar-ar-plant-hag-laou","status":"publish","type":"post","link":"https:\/\/diwan-plougastell.bzh\/index.php\/2024\/04\/01\/vide-grenier-festif-et-foire-aux-plantes-foar-ar-plant-hag-laou\/","title":{"rendered":"VIDE-GRENIER FESTIF ET FOIRE AUX PLANTES | FOAR AR PLANT HAG LAOU"},"content":{"rendered":"\n<figure class=\"wp-block-image size-large is-resized\"><img loading=\"lazy\" decoding=\"async\" width=\"1024\" height=\"536\" src=\"https:\/\/diwan-plougastell.bzh\/wp-content\/uploads\/2024\/04\/Evenement-Facebook-vide-grenier-1024x536.png\" alt=\"\" class=\"wp-image-699\" style=\"width:395px;height:auto\" srcset=\"https:\/\/diwan-plougastell.bzh\/wp-content\/uploads\/2024\/04\/Evenement-Facebook-vide-grenier-1024x536.png 1024w, https:\/\/diwan-plougastell.bzh\/wp-content\/uploads\/2024\/04\/Evenement-Facebook-vide-grenier-300x157.png 300w, https:\/\/diwan-plougastell.bzh\/wp-content\/uploads\/2024\/04\/Evenement-Facebook-vide-grenier-768x402.png 768w, https:\/\/diwan-plougastell.bzh\/wp-content\/uploads\/2024\/04\/Evenement-Facebook-vide-grenier.png 1200w\" sizes=\"(max-width: 1024px) 100vw, 1024px\" \/><\/figure>\n\n\n\n<p>Vide-grenier festif et foire aux plantes le dimanche 12 mai, de 9h \u00e0 18h, au Port du Tinduff, au profit de Skol Diwan Plougastell&nbsp;<img loading=\"lazy\" decoding=\"async\" height=\"16\" width=\"16\" alt=\"\ud83c\udf31\" src=\"https:\/\/static.xx.fbcdn.net\/images\/emoji.php\/v9\/t69\/1\/16\/1f331.png\"><\/p>\n\n\n\n<p>Pour profiter de la journ\u00e9e, vous trouverez sur place des stands avec des tr\u00e9sors et des plantes, mais aussi des concerts&nbsp;<img loading=\"lazy\" decoding=\"async\" height=\"16\" width=\"16\" alt=\"\ud83c\udfb5\" src=\"https:\/\/static.xx.fbcdn.net\/images\/emoji.php\/v9\/t9e\/1\/16\/1f3b5.png\">, des animations pour les enfants&nbsp;<img loading=\"lazy\" decoding=\"async\" height=\"16\" width=\"16\" alt=\"\ud83e\udd39\u200d\u2640\ufe0f\" src=\"https:\/\/static.xx.fbcdn.net\/images\/emoji.php\/v9\/t65\/1\/16\/1f939_200d_2640.png\">, une petite restauration&nbsp;<img loading=\"lazy\" decoding=\"async\" height=\"16\" width=\"16\" alt=\"\ud83e\udd5e\" src=\"https:\/\/static.xx.fbcdn.net\/images\/emoji.php\/v9\/t61\/1\/16\/1f95e.png\">&nbsp;et une buvette&nbsp;<img loading=\"lazy\" decoding=\"async\" height=\"16\" width=\"16\" alt=\"\ud83c\udf7b\" src=\"https:\/\/static.xx.fbcdn.net\/images\/emoji.php\/v9\/t96\/1\/16\/1f37b.png\"><\/p>\n\n\n\n<p>L&rsquo;entr\u00e9e est \u00e0 1,50 \u20ac (c&rsquo;est gratuit pour les &#8211; de 12 ans).<br>Vide-grenier et foire aux plantes ouverts aux particuliers et aux professionnels.<br>3 \u20ac le m\u00e8tre lin\u00e9aire et 2 \u20ac la table.<\/p>\n\n\n\n<p>R\u00e9servation : videgrenier.diwanplougastell@gmail.com<\/p>\n\n\n\n<p>&#8212;<\/p>\n\n\n\n<p>FOAR AR PLANT HAG AL LAOU<\/p>\n\n\n\n<p>Kuzul skoazell Diwan Plougastell a ginnig deoc&rsquo;h e foar ar plant hag al laou a vo dalc&rsquo;het d&rsquo;ar<\/p>\n\n\n\n<p>sul 12 a viz Mae eus 9e da 18e e Porz Tindu.<\/p>\n\n\n\n<p>Sonadego\u00f9, dudio\u00f9 evit ar vugale, boued hag evajo\u00f9 a vo kavet war al lec&rsquo;h evit rei\u00f1 plijadur<\/p>\n\n\n\n<p>deoc&rsquo;h.<\/p>\n\n\n\n<p>Mont-tre :1,50\u20ac (digoust evit ar vugale dindan 12 vloaz).<\/p>\n\n\n\n<p>Digor eo d&rsquo;an holl (tud a vicher pe get).<\/p>\n\n\n\n<p>3\u20ac ar metrad, 2\u20ac evit un daol.<\/p>\n\n\n\n<p>Mirit ho plas dre ar chomlec&rsquo;h-ma\u00f1 : videgrenier.diwanplougastell@gmail.com<\/p>\n","protected":false},"excerpt":{"rendered":"<p>Vide-grenier festif et foire aux plantes le dimanche 12 mai, de 9h \u00e0 18h, au Port du Tinduff, au profit de Skol Diwan Plougastell&nbsp; Pour profiter de la journ\u00e9e, vous trouverez sur place des stands avec des tr\u00e9sors et des plantes, mais aussi des concerts&nbsp;, des animations pour les enfants&nbsp;, une petite restauration&nbsp;&nbsp;et une buvette&nbsp; <a href=\"https:\/\/diwan-plougastell.bzh\/index.php\/2024\/04\/01\/vide-grenier-festif-et-foire-aux-plantes-foar-ar-plant-hag-laou\/\" rel=\"nofollow\"><span class=\"sr-only\">En savoir plus surVIDE-GRENIER FESTIF ET FOIRE AUX PLANTES | FOAR AR PLANT HAG LAOU<\/span>[&hellip;]<\/a><\/p>\n","protected":false},"author":1,"featured_media":698,"comment_status":"closed","ping_status":"open","sticky":false,"template":"","format":"standard","meta":{"footnotes":""},"categories":[22],"tags":[18,13,21,14,20],"_links":{"self":[{"href":"https:\/\/diwan-plougastell.bzh\/index.php\/wp-json\/wp\/v2\/posts\/697"}],"collection":[{"href":"https:\/\/diwan-plougastell.bzh\/index.php\/wp-json\/wp\/v2\/posts"}],"about":[{"href":"https:\/\/diwan-plougastell.bzh\/index.php\/wp-json\/wp\/v2\/types\/post"}],"author":[{"embeddable":true,"href":"https:\/\/diwan-plougastell.bzh\/index.php\/wp-json\/wp\/v2\/users\/1"}],"replies":[{"embeddable":true,"href":"https:\/\/diwan-plougastell.bzh\/index.php\/wp-json\/wp\/v2\/comments?post=697"}],"version-history":[{"count":1,"href":"https:\/\/diwan-plougastell.bzh\/index.php\/wp-json\/wp\/v2\/posts\/697\/revisions"}],"predecessor-version":[{"id":700,"href":"https:\/\/diwan-plougastell.bzh\/index.php\/wp-json\/wp\/v2\/posts\/697\/revisions\/700"}],"wp:featuredmedia":[{"embeddable":true,"href":"https:\/\/diwan-plougastell.bzh\/index.php\/wp-json\/wp\/v2\/media\/698"}],"wp:attachment":[{"href":"https:\/\/diwan-plougastell.bzh\/index.php\/wp-json\/wp\/v2\/media?parent=697"}],"wp:term":[{"taxonomy":"category","embeddable":true,"href":"https:\/\/diwan-plougastell.bzh\/index.php\/wp-json\/wp\/v2\/categories?post=697"},{"taxonomy":"post_tag","embeddable":true,"href":"https:\/\/diwan-plougastell.bzh\/index.php\/wp-json\/wp\/v2\/tags?post=697"}],"curies":[{"name":"wp","href":"https:\/\/api.w.org\/{rel}","templated":true}]}}